{"id":11101,"date":"2024-11-08T19:47:22","date_gmt":"2024-11-09T00:47:22","guid":{"rendered":"https:\/\/mpmradio.com\/?p=11101"},"modified":"2024-11-08T19:54:21","modified_gmt":"2024-11-09T00:54:21","slug":"necrologie-la-chanteuse-celia-delver-quitte-la-scene","status":"publish","type":"post","link":"https:\/\/mpmradio.com\/fr\/necrologie-la-chanteuse-celia-delver-quitte-la-scene\/","title":{"rendered":"La chanteuse C\u00e9lia Delver quitte la sc\u00e8ne"},"content":{"rendered":"<h4 class=\"wp-block-heading\">Son titre,\u00a0<em>Tu es libre<\/em>, restera comme l\u2019un des succ\u00e8s du r\u00e9pertoire Zouk. La chanteuse C\u00e9lia Delver est d\u00e9c\u00e9d\u00e9e \u00e0 49 ans<\/h4>\n<p><iframe title=\"C\u00e9lia DELVER - Tu es libre    \ud83e\ude98\ud83c\udfb9\ud83c\udfb8\ud83c\udfba\ud83c\udfbc\ud83c\udfa7\" width=\"1170\" height=\"658\" src=\"https:\/\/www.youtube.com\/embed\/p03SZqxtuho?feature=oembed\" frameborder=\"0\" allow=\"accelerometer; autoplay; clipboard-write; encrypted-media; gyroscope; picture-in-picture; web-share\" referrerpolicy=\"strict-origin-when-cross-origin\" allowfullscreen><\/iframe><\/p>\n<p>Plus rare sur la sc\u00e8ne ces derni\u00e8res ann\u00e9es, la chanteuse C\u00e9lia Delver a malgr\u00e9 laiss\u00e9 son empreinte \u00e0 travers ses titres\u00a0:\u00a0<em>Tu es libre<\/em>, compos\u00e9 par Jean-Claude Fran\u00e7ois <strong>(\u00ab\u00a0Diktam\u00a0\u00bb)<\/strong> qui a aussi \u00e9t\u00e9 son producteur,\u00a0<em>Sans toi, Nou t\u00e9 jir\u00e9, Si tu voulais<\/em>\u2026<\/p>\n<p>Plus r\u00e9cemment, en 2019, elle avait propos\u00e9 un titre in\u00e9dit,\u00a0<em>Ne me prends pas la t\u00eate<\/em>.<\/p>\n<p>La chanteuse C\u00e9lia Delver quitte la sc\u00e8ne, ce mercredi 23 octobre, \u00e0 49 ans.<\/p>","protected":false},"excerpt":{"rendered":"<p>Son titre,\u00a0Tu es libre, restera comme l\u2019un des succ\u00e8s du r\u00e9pertoire Zouk. La chanteuse C\u00e9lia Delver est d\u00e9c\u00e9d\u00e9e \u00e0 49 ans Plus rare sur la sc\u00e8ne ces derni\u00e8res ann\u00e9es, la chanteuse C\u00e9lia Delver a malgr\u00e9 laiss\u00e9 son empreinte \u00e0 travers ses titres\u00a0:\u00a0Tu es libre, compos\u00e9 par Jean-Claude Fran\u00e7ois (\u00ab\u00a0Diktam\u00a0\u00bb) qui ...<\/p>","protected":false},"author":1,"featured_media":11102,"comment_status":"open","ping_status":"open","sticky":false,"template":"","format":"standard","meta":{"om_disable_all_campaigns":false,"_monsterinsights_skip_tracking":false,"_monsterinsights_sitenote_active":false,"_monsterinsights_sitenote_note":"","_monsterinsights_sitenote_category":0,"footnotes":""},"categories":[9],"tags":[18,90],"class_list":["post-11101","post","type-post","status-publish","format-standard","has-post-thumbnail","hentry","category-news","tag-music","tag-music-news"],"aioseo_notices":[],"_links":{"self":[{"href":"https:\/\/mpmradio.com\/fr\/wp-json\/wp\/v2\/posts\/11101","targetHints":{"allow":["GET"]}}],"collection":[{"href":"https:\/\/mpmradio.com\/fr\/wp-json\/wp\/v2\/posts"}],"about":[{"href":"https:\/\/mpmradio.com\/fr\/wp-json\/wp\/v2\/types\/post"}],"author":[{"embeddable":true,"href":"https:\/\/mpmradio.com\/fr\/wp-json\/wp\/v2\/users\/1"}],"replies":[{"embeddable":true,"href":"https:\/\/mpmradio.com\/fr\/wp-json\/wp\/v2\/comments?post=11101"}],"version-history":[{"count":3,"href":"https:\/\/mpmradio.com\/fr\/wp-json\/wp\/v2\/posts\/11101\/revisions"}],"predecessor-version":[{"id":11108,"href":"https:\/\/mpmradio.com\/fr\/wp-json\/wp\/v2\/posts\/11101\/revisions\/11108"}],"wp:featuredmedia":[{"embeddable":true,"href":"https:\/\/mpmradio.com\/fr\/wp-json\/wp\/v2\/media\/11102"}],"wp:attachment":[{"href":"https:\/\/mpmradio.com\/fr\/wp-json\/wp\/v2\/media?parent=11101"}],"wp:term":[{"taxonomy":"category","embeddable":true,"href":"https:\/\/mpmradio.com\/fr\/wp-json\/wp\/v2\/categories?post=11101"},{"taxonomy":"post_tag","embeddable":true,"href":"https:\/\/mpmradio.com\/fr\/wp-json\/wp\/v2\/tags?post=11101"}],"curies":[{"name":"wp","href":"https:\/\/api.w.org\/{rel}","templated":true}]}}